[{"@context":"https:\/\/schema.org\/","@type":"Article","@id":"https:\/\/www.stpierre.cz\/oblibena-motorka\/#Article","mainEntityOfPage":"https:\/\/www.stpierre.cz\/oblibena-motorka\/","headline":"Obl\u00edben\u00e1 motorka","name":"Obl\u00edben\u00e1 motorka","description":"V\u017edycky jsem cht\u011bla jezdit na motorce. Jenom\u017ee jak u\u017e to, tak b\u00fdv\u00e1, ne v\u017edy se n\u011bkomu tohle poda\u0159\u00ed. Ale aby se tak\u00e9 p\u0159iznala, tak jsem se docela b\u00e1la. Proto\u017ee moje kamar\u00e1dka, kter\u00e1 m\u011bla motorku asi \u010dty\u0159i roky, tak dvakr\u00e1t havarovala. A m\u011bla zlomen\u00e9 ob\u011b dv\u011b ruce a p\u0159i druh\u00e9 hav\u00e1rii si zlomila opravdu \u0161kared\u011b koleno, [&hellip;]","datePublished":"2023-03-30","dateModified":"2023-03-30","author":{"@type":"Person","@id":"https:\/\/www.stpierre.cz\/author\/#Person","name":"","url":"https:\/\/www.stpierre.cz\/author\/","identifier":1,"image":{"@type":"ImageObject","@id":"https:\/\/secure.gravatar.com\/avatar\/1e120f96477763896a9e7ab3663c076bf8b67ca32fa1a5943b70761da502a7a7?s=96&d=mm&r=g","url":"https:\/\/secure.gravatar.com\/avatar\/1e120f96477763896a9e7ab3663c076bf8b67ca32fa1a5943b70761da502a7a7?s=96&d=mm&r=g","height":96,"width":96}},"publisher":{"@type":"Organization","name":"stpierre.cz","logo":{"@type":"ImageObject","@id":"\/logo.png","url":"\/logo.png","width":600,"height":60}},"image":{"@type":"ImageObject","@id":"https:\/\/www.stpierre.cz\/wp-content\/uploads\/motorbike-7249769_1280.jpg","url":"https:\/\/www.stpierre.cz\/wp-content\/uploads\/motorbike-7249769_1280.jpg","height":0,"width":0},"url":"https:\/\/www.stpierre.cz\/oblibena-motorka\/","about":["Moto"],"wordCount":414,"articleBody":"V\u017edycky jsem cht\u011bla jezdit na motorce. Jenom\u017ee jak u\u017e to, tak b\u00fdv\u00e1, ne v\u017edy se n\u011bkomu tohle poda\u0159\u00ed. Ale aby se tak\u00e9 p\u0159iznala, tak jsem se docela b\u00e1la. Proto\u017ee moje kamar\u00e1dka, kter\u00e1 m\u011bla motorku asi \u010dty\u0159i roky, tak dvakr\u00e1t havarovala. A m\u011bla zlomen\u00e9 ob\u011b dv\u011b ruce a p\u0159i druh\u00e9 hav\u00e1rii si zlomila opravdu \u0161kared\u011b koleno, \u017ee potom rok byla opravdu v pracovn\u00ed neschopnosti. A pr\u00e1v\u011b \u017ee od t\u00e9 doby u\u017e moje kamar\u00e1dka necht\u011bla v\u016fbec jezdit na motorce. Sice ob\u010das jsme tak\u00e9 je\u0161t\u011b p\u0159ed hav\u00e1ri\u00ed jezdily ob\u011b dv\u011b n\u011bkam na v\u00fdlety, jenom\u017ee potom u\u017e to ne\u0161lo. Proto\u017ee kamar\u00e1dka se b\u00e1la. A j\u00e1 se tomu nediv\u00edm.Jenom\u017ee mn\u011b osobn\u011b hodn\u011b chyb\u011bly pr\u00e1v\u011b na\u0161e spole\u010dn\u00e9 j\u00edzdy na motorce. Tak to nakonec dopadlo tak, \u017ee j\u00e1 sama jsem si po\u0159\u00eddila mal\u00fd sk\u00fatr. Abych pravdu \u0159ekla, i tak jsem se moc b\u00e1la, jenom\u017ee jsem tak st\u00e1le cht\u011bla jezdit na motorce, \u017ee tomu opravdu ne\u0161lo odolat. Jenom\u017ee nejhor\u0161\u00ed na tom bylo, \u017ee jsem v\u016fbec nemohla sehnat n\u011bjakou kr\u00e1snou ko\u017eenou bundu. Pat\u0159\u00edm k t\u011bm lidem, kte\u0159\u00ed \u00fapln\u011b miluj\u00ed k\u016f\u017ei. Cht\u011bla jsem opravdu luxusn\u00ed ko\u017eenou bundu, kterou jsem sehnala asi a\u017e za p\u016fl roku Mus\u00edm ale uznat, \u017ee byla opravdu dokonal\u00e1. A byla opravdu siln\u00e1 \u010dern\u00e1 ko\u017een\u00e1 bunda a byla z buvol\u00ed k\u016f\u017ee. Nemohla jsem tomu uv\u011b\u0159it, proto\u017ee p\u0159esn\u011b takovou jsem cht\u011bla. Taky jsem musela tuto motork\u00e1\u0159skou bundu asi t\u0159ikr\u00e1t m\u011bnit, proto\u017ee mi nesed\u011bla v\u016fbec \u017e\u00e1dn\u00e1 velikost, co\u017e m\u011b docela mrzelo. Utratila jsem hodn\u011b pen\u00edze za po\u0161tovn\u00e9 a tak\u00e9 m\u011b to st\u00e1lo opravdu hodn\u011b nerv\u016f, ne\u017e jsem na\u0161la kone\u010dn\u011b svou vysn\u011bnou ko\u017eenou bundu. Nyn\u00ed u\u017e jezd\u00edm na motorce a mus\u00edm uznat, \u017ee je mi opravdu skv\u011ble a jsem r\u00e1da, \u017ee jsem na motorce za\u010dala jezdit. A t\u0159eba jednoho dne za\u010dne jezdit tak\u00e9 moje kamar\u00e1dka. A jak jste na tom vy? Pokud m\u00e1te r\u00e1di adrenalin, tak p\u0159edpokl\u00e1d\u00e1m, \u017ee tak\u00e9 budete milovn\u00edci ko\u017een\u00fdch bund a t\u0159eba i rychl\u00e9 j\u00edzdy na motorce, kterou j\u00e1 p\u0159\u00edmo zbo\u017e\u0148uji.\u00a0                                                                                                                                                                                                                                                                                                                                                                                        5\/5 - (2 votes)        "},{"@context":"https:\/\/schema.org\/","@type":"BreadcrumbList","itemListElement":[{"@type":"ListItem","position":1,"name":"Obl\u00edben\u00e1 motorka","item":"https:\/\/www.stpierre.cz\/oblibena-motorka\/#breadcrumbitem"}]}]