{"@context":"https:\/\/schema.org\/","@type":"CollectionPage","@id":"https:\/\/www.stpierre.cz\/nakupy\/#CollectionPage","headline":"N\u00e1kupy Category","description":"","url":"https:\/\/www.stpierre.cz\/nakupy\/","hasPart":[{"@type":"Article","@id":"https:\/\/www.stpierre.cz\/usetrete-za-elektrinu-a-vyuzivejte-slunecni-energii-nachytejte-si-energii-ze-slunicka\/","headline":"U\u0161et\u0159ete za elekt\u0159inu a vyu\u017e\u00edvejte slune\u010dn\u00ed energii. Nachytejte si energii ze slun\u00ed\u010dka!","url":"https:\/\/www.stpierre.cz\/usetrete-za-elektrinu-a-vyuzivejte-slunecni-energii-nachytejte-si-energii-ze-slunicka\/","datePublished":"2021-04-17","dateModified":"2023-09-21","mainEntityOfPage":"https:\/\/www.stpierre.cz\/usetrete-za-elektrinu-a-vyuzivejte-slunecni-energii-nachytejte-si-energii-ze-slunicka\/","author":{"@type":"Person","@id":"https:\/\/www.stpierre.cz\/author\/#Person","name":"","url":"https:\/\/www.stpierre.cz\/author\/","identifier":1,"image":{"@type":"ImageObject","@id":"https:\/\/secure.gravatar.com\/avatar\/1e120f96477763896a9e7ab3663c076bf8b67ca32fa1a5943b70761da502a7a7?s=96&d=mm&r=g","url":"https:\/\/secure.gravatar.com\/avatar\/1e120f96477763896a9e7ab3663c076bf8b67ca32fa1a5943b70761da502a7a7?s=96&d=mm&r=g","height":96,"width":96}},"publisher":{"@type":"Organization","name":"stpierre.cz","logo":{"@type":"ImageObject","@id":"\/logo.png","url":"\/logo.png","width":600,"height":60}},"image":{"@type":"ImageObject","@id":"https:\/\/www.stpierre.cz\/wp-content\/uploads\/pexels-photo-371917.jpeg","url":"https:\/\/www.stpierre.cz\/wp-content\/uploads\/pexels-photo-371917.jpeg","height":0,"width":0},"keywords":null},{"@type":"Article","@id":"https:\/\/www.stpierre.cz\/zacit-sit-muzete-kdykoliv\/","headline":"Za\u010d\u00edt \u0161\u00edt m\u016f\u017eete kdykoliv","url":"https:\/\/www.stpierre.cz\/zacit-sit-muzete-kdykoliv\/","datePublished":"2021-03-20","dateModified":"2023-05-16","mainEntityOfPage":"https:\/\/www.stpierre.cz\/zacit-sit-muzete-kdykoliv\/","author":{"@type":"Person","@id":"https:\/\/www.stpierre.cz\/author\/#Person","name":"","url":"https:\/\/www.stpierre.cz\/author\/","identifier":1,"image":{"@type":"ImageObject","@id":"https:\/\/secure.gravatar.com\/avatar\/1e120f96477763896a9e7ab3663c076bf8b67ca32fa1a5943b70761da502a7a7?s=96&d=mm&r=g","url":"https:\/\/secure.gravatar.com\/avatar\/1e120f96477763896a9e7ab3663c076bf8b67ca32fa1a5943b70761da502a7a7?s=96&d=mm&r=g","height":96,"width":96}},"publisher":{"@type":"Organization","name":"stpierre.cz","logo":{"@type":"ImageObject","@id":"\/logo.png","url":"\/logo.png","width":600,"height":60}},"image":{"@type":"ImageObject","@id":"https:\/\/www.stpierre.cz\/wp-content\/uploads\/h%C3%A1%C4%8Dkov%C3%A1n%C3%AD%20bavlny.jpg","url":"https:\/\/www.stpierre.cz\/wp-content\/uploads\/h%C3%A1%C4%8Dkov%C3%A1n%C3%AD%20bavlny.jpg","height":0,"width":0},"keywords":null},{"@type":"Article","@id":"https:\/\/www.stpierre.cz\/proc-venovat-vyberu-zabradli-patricnou-pozornost\/","headline":"Pro\u010d v\u011bnovat v\u00fdb\u011bru z\u00e1bradl\u00ed pat\u0159i\u010dnou pozornost","url":"https:\/\/www.stpierre.cz\/proc-venovat-vyberu-zabradli-patricnou-pozornost\/","datePublished":"2021-03-19","dateModified":"2023-05-16","mainEntityOfPage":"https:\/\/www.stpierre.cz\/proc-venovat-vyberu-zabradli-patricnou-pozornost\/","author":{"@type":"Person","@id":"https:\/\/www.stpierre.cz\/author\/#Person","name":"","url":"https:\/\/www.stpierre.cz\/author\/","identifier":1,"image":{"@type":"ImageObject","@id":"https:\/\/secure.gravatar.com\/avatar\/1e120f96477763896a9e7ab3663c076bf8b67ca32fa1a5943b70761da502a7a7?s=96&d=mm&r=g","url":"https:\/\/secure.gravatar.com\/avatar\/1e120f96477763896a9e7ab3663c076bf8b67ca32fa1a5943b70761da502a7a7?s=96&d=mm&r=g","height":96,"width":96}},"publisher":{"@type":"Organization","name":"stpierre.cz","logo":{"@type":"ImageObject","@id":"\/logo.png","url":"\/logo.png","width":600,"height":60}},"image":{"@type":"ImageObject","@id":"https:\/\/www.stpierre.cz\/wp-content\/uploads\/z%C3%A1bradl%C3%AD2.jpeg","url":"https:\/\/www.stpierre.cz\/wp-content\/uploads\/z%C3%A1bradl%C3%AD2.jpeg","height":0,"width":0},"keywords":null},{"@type":"Article","@id":"https:\/\/www.stpierre.cz\/vlastnosti-obalu-na-huawei-p20-lite-z-eko-kuze\/","headline":"Vlastnosti obalu na Huawei P20 Lite z eko-k\u016f\u017ee","url":"https:\/\/www.stpierre.cz\/vlastnosti-obalu-na-huawei-p20-lite-z-eko-kuze\/","datePublished":"2021-01-16","dateModified":"2023-05-16","mainEntityOfPage":"https:\/\/www.stpierre.cz\/vlastnosti-obalu-na-huawei-p20-lite-z-eko-kuze\/","author":{"@type":"Person","@id":"https:\/\/www.stpierre.cz\/author\/#Person","name":"","url":"https:\/\/www.stpierre.cz\/author\/","identifier":1,"image":{"@type":"ImageObject","@id":"https:\/\/secure.gravatar.com\/avatar\/1e120f96477763896a9e7ab3663c076bf8b67ca32fa1a5943b70761da502a7a7?s=96&d=mm&r=g","url":"https:\/\/secure.gravatar.com\/avatar\/1e120f96477763896a9e7ab3663c076bf8b67ca32fa1a5943b70761da502a7a7?s=96&d=mm&r=g","height":96,"width":96}},"publisher":{"@type":"Organization","name":"stpierre.cz","logo":{"@type":"ImageObject","@id":"\/logo.png","url":"\/logo.png","width":600,"height":60}},"image":{"@type":"ImageObject","@id":"https:\/\/www.stpierre.cz\/wp-content\/uploads\/focen%C3%AD%20s%20mobilem_6.jpg","url":"https:\/\/www.stpierre.cz\/wp-content\/uploads\/focen%C3%AD%20s%20mobilem_6.jpg","height":0,"width":0},"keywords":null},{"@type":"Article","@id":"https:\/\/www.stpierre.cz\/je-potreba-instalater\/","headline":"Je pot\u0159eba instalat\u00e9r?","url":"https:\/\/www.stpierre.cz\/je-potreba-instalater\/","datePublished":"2020-12-25","dateModified":"2023-05-16","mainEntityOfPage":"https:\/\/www.stpierre.cz\/je-potreba-instalater\/","author":{"@type":"Person","@id":"https:\/\/www.stpierre.cz\/author\/#Person","name":"","url":"https:\/\/www.stpierre.cz\/author\/","identifier":1,"image":{"@type":"ImageObject","@id":"https:\/\/secure.gravatar.com\/avatar\/1e120f96477763896a9e7ab3663c076bf8b67ca32fa1a5943b70761da502a7a7?s=96&d=mm&r=g","url":"https:\/\/secure.gravatar.com\/avatar\/1e120f96477763896a9e7ab3663c076bf8b67ca32fa1a5943b70761da502a7a7?s=96&d=mm&r=g","height":96,"width":96}},"publisher":{"@type":"Organization","name":"stpierre.cz","logo":{"@type":"ImageObject","@id":"\/logo.png","url":"\/logo.png","width":600,"height":60}},"image":{"@type":"ImageObject","@id":"https:\/\/www.stpierre.cz\/wp-content\/uploads\/%C4%8Derven%C3%BD%20kohoutek.jpg","url":"https:\/\/www.stpierre.cz\/wp-content\/uploads\/%C4%8Derven%C3%BD%20kohoutek.jpg","height":0,"width":0},"keywords":null},{"@type":"Article","@id":"https:\/\/www.stpierre.cz\/a-healthy-mind-in-a-healthy-body\/","headline":"A healthy mind in a healthy body","url":"https:\/\/www.stpierre.cz\/a-healthy-mind-in-a-healthy-body\/","datePublished":"2020-12-20","dateModified":"2023-05-16","mainEntityOfPage":"https:\/\/www.stpierre.cz\/a-healthy-mind-in-a-healthy-body\/","author":{"@type":"Person","@id":"https:\/\/www.stpierre.cz\/author\/#Person","name":"","url":"https:\/\/www.stpierre.cz\/author\/","identifier":1,"image":{"@type":"ImageObject","@id":"https:\/\/secure.gravatar.com\/avatar\/1e120f96477763896a9e7ab3663c076bf8b67ca32fa1a5943b70761da502a7a7?s=96&d=mm&r=g","url":"https:\/\/secure.gravatar.com\/avatar\/1e120f96477763896a9e7ab3663c076bf8b67ca32fa1a5943b70761da502a7a7?s=96&d=mm&r=g","height":96,"width":96}},"publisher":{"@type":"Organization","name":"stpierre.cz","logo":{"@type":"ImageObject","@id":"\/logo.png","url":"\/logo.png","width":600,"height":60}},"image":{"@type":"ImageObject","@id":"https:\/\/www.stpierre.cz\/wp-content\/uploads\/mental-health-4232031_960_720.jpg","url":"https:\/\/www.stpierre.cz\/wp-content\/uploads\/mental-health-4232031_960_720.jpg","height":0,"width":0},"keywords":null},{"@type":"Article","@id":"https:\/\/www.stpierre.cz\/novy-rok-nove-ja\/","headline":"Nov\u00fd rok, nov\u00e9 j\u00e1","url":"https:\/\/www.stpierre.cz\/novy-rok-nove-ja\/","datePublished":"2020-12-14","dateModified":"2023-05-16","mainEntityOfPage":"https:\/\/www.stpierre.cz\/novy-rok-nove-ja\/","author":{"@type":"Person","@id":"https:\/\/www.stpierre.cz\/author\/#Person","name":"","url":"https:\/\/www.stpierre.cz\/author\/","identifier":1,"image":{"@type":"ImageObject","@id":"https:\/\/secure.gravatar.com\/avatar\/1e120f96477763896a9e7ab3663c076bf8b67ca32fa1a5943b70761da502a7a7?s=96&d=mm&r=g","url":"https:\/\/secure.gravatar.com\/avatar\/1e120f96477763896a9e7ab3663c076bf8b67ca32fa1a5943b70761da502a7a7?s=96&d=mm&r=g","height":96,"width":96}},"publisher":{"@type":"Organization","name":"stpierre.cz","logo":{"@type":"ImageObject","@id":"\/logo.png","url":"\/logo.png","width":600,"height":60}},"image":{"@type":"ImageObject","@id":"https:\/\/www.stpierre.cz\/wp-content\/uploads\/zdrav%C3%A1%20strava_7.jpg","url":"https:\/\/www.stpierre.cz\/wp-content\/uploads\/zdrav%C3%A1%20strava_7.jpg","height":0,"width":0},"keywords":null},{"@type":"Article","@id":"https:\/\/www.stpierre.cz\/doprejte-svym-detem-zabavu-na-cerstvem-vzduchu\/","headline":"Dop\u0159ejte sv\u00fdm d\u011btem z\u00e1bavu na \u010derstv\u00e9m vzduchu","url":"https:\/\/www.stpierre.cz\/doprejte-svym-detem-zabavu-na-cerstvem-vzduchu\/","datePublished":"2020-10-19","dateModified":"2023-05-16","mainEntityOfPage":"https:\/\/www.stpierre.cz\/doprejte-svym-detem-zabavu-na-cerstvem-vzduchu\/","author":{"@type":"Person","@id":"https:\/\/www.stpierre.cz\/author\/#Person","name":"","url":"https:\/\/www.stpierre.cz\/author\/","identifier":1,"image":{"@type":"ImageObject","@id":"https:\/\/secure.gravatar.com\/avatar\/1e120f96477763896a9e7ab3663c076bf8b67ca32fa1a5943b70761da502a7a7?s=96&d=mm&r=g","url":"https:\/\/secure.gravatar.com\/avatar\/1e120f96477763896a9e7ab3663c076bf8b67ca32fa1a5943b70761da502a7a7?s=96&d=mm&r=g","height":96,"width":96}},"publisher":{"@type":"Organization","name":"stpierre.cz","logo":{"@type":"ImageObject","@id":"\/logo.png","url":"\/logo.png","width":600,"height":60}},"image":{"@type":"ImageObject","@id":"https:\/\/www.stpierre.cz\/wp-content\/uploads\/boy-1846612_1280.jpg","url":"https:\/\/www.stpierre.cz\/wp-content\/uploads\/boy-1846612_1280.jpg","height":0,"width":0},"keywords":null},{"@type":"Article","@id":"https:\/\/www.stpierre.cz\/maca-peruanska-v-tabletach-ucinny-prirodni-adaptogen-proti-stresu\/","headline":"Maca peru\u00e1nsk\u00e1 v tablet\u00e1ch \u2013 \u00fa\u010dinn\u00fd p\u0159\u00edrodn\u00ed adaptogen proti stresu","url":"https:\/\/www.stpierre.cz\/maca-peruanska-v-tabletach-ucinny-prirodni-adaptogen-proti-stresu\/","datePublished":"2020-09-08","dateModified":"2023-05-16","mainEntityOfPage":"https:\/\/www.stpierre.cz\/maca-peruanska-v-tabletach-ucinny-prirodni-adaptogen-proti-stresu\/","author":{"@type":"Person","@id":"https:\/\/www.stpierre.cz\/author\/#Person","name":"","url":"https:\/\/www.stpierre.cz\/author\/","identifier":1,"image":{"@type":"ImageObject","@id":"https:\/\/secure.gravatar.com\/avatar\/1e120f96477763896a9e7ab3663c076bf8b67ca32fa1a5943b70761da502a7a7?s=96&d=mm&r=g","url":"https:\/\/secure.gravatar.com\/avatar\/1e120f96477763896a9e7ab3663c076bf8b67ca32fa1a5943b70761da502a7a7?s=96&d=mm&r=g","height":96,"width":96}},"publisher":{"@type":"Organization","name":"stpierre.cz","logo":{"@type":"ImageObject","@id":"\/logo.png","url":"\/logo.png","width":600,"height":60}},"image":{"@type":"ImageObject","@id":"https:\/\/www.stpierre.cz\/wp-content\/uploads\/Peru%C3%A1nsk%C3%A9%20Andy.jpg","url":"https:\/\/www.stpierre.cz\/wp-content\/uploads\/Peru%C3%A1nsk%C3%A9%20Andy.jpg","height":0,"width":0},"keywords":null},{"@type":"Article","@id":"https:\/\/www.stpierre.cz\/sedaci-vaky-tmave-modre-z-nylonu-pro-deti-i-dospele\/","headline":"Sedac\u00ed vaky tmav\u011b modr\u00e9 z nylonu pro d\u011bti i dosp\u011bl\u00e9","url":"https:\/\/www.stpierre.cz\/sedaci-vaky-tmave-modre-z-nylonu-pro-deti-i-dospele\/","datePublished":"2020-07-12","dateModified":"2023-05-16","mainEntityOfPage":"https:\/\/www.stpierre.cz\/sedaci-vaky-tmave-modre-z-nylonu-pro-deti-i-dospele\/","author":{"@type":"Person","@id":"https:\/\/www.stpierre.cz\/author\/#Person","name":"","url":"https:\/\/www.stpierre.cz\/author\/","identifier":1,"image":{"@type":"ImageObject","@id":"https:\/\/secure.gravatar.com\/avatar\/1e120f96477763896a9e7ab3663c076bf8b67ca32fa1a5943b70761da502a7a7?s=96&d=mm&r=g","url":"https:\/\/secure.gravatar.com\/avatar\/1e120f96477763896a9e7ab3663c076bf8b67ca32fa1a5943b70761da502a7a7?s=96&d=mm&r=g","height":96,"width":96}},"publisher":{"@type":"Organization","name":"stpierre.cz","logo":{"@type":"ImageObject","@id":"\/logo.png","url":"\/logo.png","width":600,"height":60}},"image":{"@type":"ImageObject","@id":"https:\/\/www.stpierre.cz\/wp-content\/uploads\/k%C5%99eslo%20na%20tr%C3%A1vn%C3%ADku.jpg","url":"https:\/\/www.stpierre.cz\/wp-content\/uploads\/k%C5%99eslo%20na%20tr%C3%A1vn%C3%ADku.jpg","height":0,"width":0},"keywords":null}]}