{"@context":"https:\/\/schema.org\/","@type":"CollectionPage","@id":"https:\/\/www.stpierre.cz\/moto\/#CollectionPage","headline":"Moto Category","description":"","url":"https:\/\/www.stpierre.cz\/moto\/","hasPart":[{"@type":"Article","@id":"https:\/\/www.stpierre.cz\/strach-z-motorky\/","headline":"Strach z motorky","url":"https:\/\/www.stpierre.cz\/strach-z-motorky\/","datePublished":"2024-10-31","dateModified":"2024-10-31","mainEntityOfPage":"https:\/\/www.stpierre.cz\/strach-z-motorky\/","author":{"@type":"Person","@id":"https:\/\/www.stpierre.cz\/author\/#Person","name":"","url":"https:\/\/www.stpierre.cz\/author\/","identifier":1,"image":{"@type":"ImageObject","@id":"https:\/\/secure.gravatar.com\/avatar\/1e120f96477763896a9e7ab3663c076bf8b67ca32fa1a5943b70761da502a7a7?s=96&d=mm&r=g","url":"https:\/\/secure.gravatar.com\/avatar\/1e120f96477763896a9e7ab3663c076bf8b67ca32fa1a5943b70761da502a7a7?s=96&d=mm&r=g","height":96,"width":96}},"publisher":{"@type":"Organization","name":"stpierre.cz","logo":{"@type":"ImageObject","@id":"\/logo.png","url":"\/logo.png","width":600,"height":60}},"image":{"@type":"ImageObject","@id":"https:\/\/www.stpierre.cz\/wp-content\/uploads\/motorcycle-4310715_1280_1.jpg","url":"https:\/\/www.stpierre.cz\/wp-content\/uploads\/motorcycle-4310715_1280_1.jpg","height":0,"width":0},"keywords":null},{"@type":"Article","@id":"https:\/\/www.stpierre.cz\/oblibena-motorka\/","headline":"Obl\u00edben\u00e1 motorka","url":"https:\/\/www.stpierre.cz\/oblibena-motorka\/","datePublished":"2023-03-30","dateModified":"2023-03-30","mainEntityOfPage":"https:\/\/www.stpierre.cz\/oblibena-motorka\/","author":{"@type":"Person","@id":"https:\/\/www.stpierre.cz\/author\/#Person","name":"","url":"https:\/\/www.stpierre.cz\/author\/","identifier":1,"image":{"@type":"ImageObject","@id":"https:\/\/secure.gravatar.com\/avatar\/1e120f96477763896a9e7ab3663c076bf8b67ca32fa1a5943b70761da502a7a7?s=96&d=mm&r=g","url":"https:\/\/secure.gravatar.com\/avatar\/1e120f96477763896a9e7ab3663c076bf8b67ca32fa1a5943b70761da502a7a7?s=96&d=mm&r=g","height":96,"width":96}},"publisher":{"@type":"Organization","name":"stpierre.cz","logo":{"@type":"ImageObject","@id":"\/logo.png","url":"\/logo.png","width":600,"height":60}},"image":{"@type":"ImageObject","@id":"https:\/\/www.stpierre.cz\/wp-content\/uploads\/motorbike-7249769_1280.jpg","url":"https:\/\/www.stpierre.cz\/wp-content\/uploads\/motorbike-7249769_1280.jpg","height":0,"width":0},"keywords":null},{"@type":"Article","@id":"https:\/\/www.stpierre.cz\/jawa-od-vzniku-az-do-sedmdesatych-let\/","headline":"Jawa od vzniku a\u017e do sedmdes\u00e1t\u00fdch let","url":"https:\/\/www.stpierre.cz\/jawa-od-vzniku-az-do-sedmdesatych-let\/","datePublished":"2019-11-25","dateModified":"2023-05-16","mainEntityOfPage":"https:\/\/www.stpierre.cz\/jawa-od-vzniku-az-do-sedmdesatych-let\/","author":{"@type":"Person","@id":"https:\/\/www.stpierre.cz\/author\/#Person","name":"","url":"https:\/\/www.stpierre.cz\/author\/","identifier":1,"image":{"@type":"ImageObject","@id":"https:\/\/secure.gravatar.com\/avatar\/1e120f96477763896a9e7ab3663c076bf8b67ca32fa1a5943b70761da502a7a7?s=96&d=mm&r=g","url":"https:\/\/secure.gravatar.com\/avatar\/1e120f96477763896a9e7ab3663c076bf8b67ca32fa1a5943b70761da502a7a7?s=96&d=mm&r=g","height":96,"width":96}},"publisher":{"@type":"Organization","name":"stpierre.cz","logo":{"@type":"ImageObject","@id":"\/logo.png","url":"\/logo.png","width":600,"height":60}},"image":{"@type":"ImageObject","@id":"https:\/\/www.stpierre.cz\/wp-content\/uploads\/img_a361612_w3886_t1574837973.jpg","url":"https:\/\/www.stpierre.cz\/wp-content\/uploads\/img_a361612_w3886_t1574837973.jpg","height":0,"width":0},"keywords":null},{"@type":"Article","@id":"https:\/\/www.stpierre.cz\/priprava-motocyklu-na-zimu\/","headline":"P\u0159\u00edprava motocyklu na zimu","url":"https:\/\/www.stpierre.cz\/priprava-motocyklu-na-zimu\/","datePublished":"2019-11-15","dateModified":"2023-05-16","mainEntityOfPage":"https:\/\/www.stpierre.cz\/priprava-motocyklu-na-zimu\/","author":{"@type":"Person","@id":"https:\/\/www.stpierre.cz\/author\/#Person","name":"","url":"https:\/\/www.stpierre.cz\/author\/","identifier":1,"image":{"@type":"ImageObject","@id":"https:\/\/secure.gravatar.com\/avatar\/1e120f96477763896a9e7ab3663c076bf8b67ca32fa1a5943b70761da502a7a7?s=96&d=mm&r=g","url":"https:\/\/secure.gravatar.com\/avatar\/1e120f96477763896a9e7ab3663c076bf8b67ca32fa1a5943b70761da502a7a7?s=96&d=mm&r=g","height":96,"width":96}},"publisher":{"@type":"Organization","name":"stpierre.cz","logo":{"@type":"ImageObject","@id":"\/logo.png","url":"\/logo.png","width":600,"height":60}},"image":{"@type":"ImageObject","@id":"https:\/\/www.stpierre.cz\/wp-content\/uploads\/img_a362084_w4422_t1575059000.jpg","url":"https:\/\/www.stpierre.cz\/wp-content\/uploads\/img_a362084_w4422_t1575059000.jpg","height":0,"width":0},"keywords":null},{"@type":"Article","@id":"https:\/\/www.stpierre.cz\/vespa-symbol-italskeho-stylu\/","headline":"Vespa, symbol italsk\u00e9ho stylu","url":"https:\/\/www.stpierre.cz\/vespa-symbol-italskeho-stylu\/","datePublished":"2019-10-10","dateModified":"2023-05-16","mainEntityOfPage":"https:\/\/www.stpierre.cz\/vespa-symbol-italskeho-stylu\/","author":{"@type":"Person","@id":"https:\/\/www.stpierre.cz\/author\/#Person","name":"","url":"https:\/\/www.stpierre.cz\/author\/","identifier":1,"image":{"@type":"ImageObject","@id":"https:\/\/secure.gravatar.com\/avatar\/1e120f96477763896a9e7ab3663c076bf8b67ca32fa1a5943b70761da502a7a7?s=96&d=mm&r=g","url":"https:\/\/secure.gravatar.com\/avatar\/1e120f96477763896a9e7ab3663c076bf8b67ca32fa1a5943b70761da502a7a7?s=96&d=mm&r=g","height":96,"width":96}},"publisher":{"@type":"Organization","name":"stpierre.cz","logo":{"@type":"ImageObject","@id":"\/logo.png","url":"\/logo.png","width":600,"height":60}},"image":{"@type":"ImageObject","@id":"https:\/\/www.stpierre.cz\/wp-content\/uploads\/img_a357932_w3886_t1572269675.jpg","url":"https:\/\/www.stpierre.cz\/wp-content\/uploads\/img_a357932_w3886_t1572269675.jpg","height":0,"width":0},"keywords":null}]}