[{"@context":"https:\/\/schema.org\/","@type":"Article","@id":"https:\/\/www.stpierre.cz\/dum-nemusi-byt-vyhra\/#Article","mainEntityOfPage":"https:\/\/www.stpierre.cz\/dum-nemusi-byt-vyhra\/","headline":"D\u016fm nemus\u00ed b\u00fdt v\u00fdhra","name":"D\u016fm nemus\u00ed b\u00fdt v\u00fdhra","description":"Vlastnictv\u00ed domu s bytov\u00fdmi jednotkami. To je pro mnoh\u00e9 spln\u011bn\u00ed snu, ov\u0161em jedn\u00e1 se p\u0159edev\u0161\u00edm o ty, kdo s touto situac\u00ed nemaj\u00ed \u017e\u00e1dn\u00e9 zku\u0161enosti. Ti, kdo v\u011bd\u00ed, co toto vlastnictv\u00ed obn\u00e1\u0161\u00ed, jsou mo\u017en\u00e1 ve sv\u00fdch p\u0159\u00e1n\u00edch zdr\u017eenliv\u011bj\u0161\u00ed. Nen\u00ed jednoduch\u00e9 d\u016fm obsadit slu\u0161n\u00fdmi n\u00e1jemn\u00edky, je\u0161t\u011b t\u011b\u017e\u0161\u00ed je v\u0161ak s omezen\u00fdm rozpo\u010dtem d\u016fm udr\u017eovat v perfektn\u00edm stavu, [&hellip;]","datePublished":"2024-10-23","dateModified":"2024-10-23","author":{"@type":"Person","@id":"https:\/\/www.stpierre.cz\/author\/#Person","name":"","url":"https:\/\/www.stpierre.cz\/author\/","identifier":1,"image":{"@type":"ImageObject","@id":"https:\/\/secure.gravatar.com\/avatar\/1e120f96477763896a9e7ab3663c076bf8b67ca32fa1a5943b70761da502a7a7?s=96&d=mm&r=g","url":"https:\/\/secure.gravatar.com\/avatar\/1e120f96477763896a9e7ab3663c076bf8b67ca32fa1a5943b70761da502a7a7?s=96&d=mm&r=g","height":96,"width":96}},"publisher":{"@type":"Organization","name":"stpierre.cz","logo":{"@type":"ImageObject","@id":"\/logo.png","url":"\/logo.png","width":600,"height":60}},"url":"https:\/\/www.stpierre.cz\/dum-nemusi-byt-vyhra\/","wordCount":262,"articleBody":"Vlastnictv\u00ed domu s bytov\u00fdmi jednotkami. To je pro mnoh\u00e9 spln\u011bn\u00ed snu, ov\u0161em jedn\u00e1 se p\u0159edev\u0161\u00edm o ty, kdo s touto situac\u00ed nemaj\u00ed \u017e\u00e1dn\u00e9 zku\u0161enosti. Ti, kdo v\u011bd\u00ed, co toto vlastnictv\u00ed obn\u00e1\u0161\u00ed, jsou mo\u017en\u00e1 ve sv\u00fdch p\u0159\u00e1n\u00edch zdr\u017eenliv\u011bj\u0161\u00ed. Nen\u00ed jednoduch\u00e9 d\u016fm obsadit slu\u0161n\u00fdmi n\u00e1jemn\u00edky, je\u0161t\u011b t\u011b\u017e\u0161\u00ed je v\u0161ak s omezen\u00fdm rozpo\u010dtem d\u016fm udr\u017eovat v perfektn\u00edm stavu, tedy v takov\u00e9m, kdy je v\u0161e funk\u010dn\u00ed, upraven\u00e9 a \u010das od \u010dasu i zmodernizovan\u00e9. Av\u0161ak obnova je pot\u0159ebn\u00e1 pro ka\u017ed\u00fd d\u016fm, dop\u0159ejte to i tomu Va\u0161emu. Uvid\u00edte, \u017ee se V\u00e1m to vr\u00e1t\u00ed d\u00edky spokojenosti Va\u0161ich n\u00e1jemn\u00edk\u016f.My ho prom\u011bn\u00edme ve skute\u010dn\u00e9 esoAby byl d\u016fm kr\u00e1sn\u00fd a skute\u010dn\u011b modern\u00ed, nen\u00ed zapot\u0159eb\u00ed velk\u00fdch z\u00e1sah\u016f. Za\u010d\u00edt m\u016f\u017eete t\u0159eba u rekonstrukce balkon\u016f, to je slu\u017eba, kterou V\u00e1m m\u016f\u017eeme nab\u00eddnout, je to \u010dinnost, s n\u00ed\u017e m\u00e1me ji\u017e letit\u00e9 zku\u0161enosti. Vyu\u017eijte jich ve sv\u016fj prosp\u011bch a zvy\u0161te hodnotu sv\u00e9ho domu d\u00edky t\u00e9to investici. Sehran\u00fd t\u00fdm na\u0161ich zku\u0161en\u00fdch pracovn\u00edk\u016f v\u0161e provede perfektn\u011b, rychle, \u010dist\u011b. Samoz\u0159ejm\u011b pro V\u00e1s zajist\u00edme i ve\u0161ker\u00e9 nezbytn\u00e9 souvisej\u00edc\u00ed \u010dinnosti, jako je zhotoven\u00ed projektov\u00e9 dokumentace \u010di vy\u0159\u00edzen\u00ed stavebn\u00edho povolen\u00ed. Vsa\u010fte na n\u00e1s a m\u00e1te po starostech.                                                                                                                                                                                                                                                                                                                                                                                        3\/5 - (4 votes)        "},{"@context":"https:\/\/schema.org\/","@type":"BreadcrumbList","itemListElement":[{"@type":"ListItem","position":1,"name":"D\u016fm nemus\u00ed b\u00fdt v\u00fdhra","item":"https:\/\/www.stpierre.cz\/dum-nemusi-byt-vyhra\/#breadcrumbitem"}]}]